{"provider_url": "https://www.votorantim.sp.leg.br", "title": "C\u00e2mara realiza 3\u00aa Sess\u00e3o de 2023", "html": "<p><span>A C\u00e2mara Municipal de Votorantim realiza nesta sexta-feira (24) a 3\u00aa Sess\u00e3o Ordin\u00e1ria, da 3\u00aa Sess\u00e3o Legislativa, da 14\u00aa Legislatura.</span></p>\r\n<p><br />Na pauta constam a vota\u00e7\u00e3o de um requerimento especial e nove requerimentos com questionamento destinados ao Poder Executivo, al\u00e9m de apresenta\u00e7\u00e3o de nove indica\u00e7\u00f5es.<br /><br />De autoria do vereador Cesar Silva (Cidadania), o requerimento especial concede votos de congratula\u00e7\u00f5es a Luiz Berto da Silva, pela a\u00e7\u00e3o ambiental de manter uma \u00e1rea p\u00fablica livre de materiais inserv\u00edveis, promovendo o cultivo de uma horta. <br />Entre os requerimentos destinados ao Poder P\u00fablico, est\u00e3o o de autoria do vereador Gaguinho (PTB) que pede informa\u00e7\u00f5es se h\u00e1, em Votorantim, algum projeto para que volunt\u00e1rios possam ministrar cursos e ou aulas para adultos que t\u00eam interesse em serem alfabetizados. <br /><br />Requerimento de autoria do vereador Thiago Schiming (PSDB) \u2013 presidente da C\u00e2mara Municipal de Votorantim \u2013 solicita \u00e0 Prefeitura informa\u00e7\u00f5es sobre sistema de intelig\u00eancia artificial que facilita a vigil\u00e2ncia p\u00fablica e aumenta a seguran\u00e7a dos mun\u00edcipes. <br /><br />O vereador Luciano Silva (Podemos) pede informa\u00e7\u00f5es \u00e0 Prefeitura sobre a forma que a Funda\u00e7\u00e3o da Seguridade dos Servidores P\u00fablicos Municipais \u2013 Votoprev \u2013 realiza a prova de vida dos seus benefici\u00e1rios. <br />Por meio de requerimento, o vereador Ita (Cidadania) questiona a Prefeitura a respeito da contrata\u00e7\u00e3o de empresa respons\u00e1vel pela organiza\u00e7\u00e3o da 106\u00aa Edi\u00e7\u00e3o da Festa Junina Beneficente de Votorantim.<br /><br />O vereador Pastor Lilo (Uni\u00e3o Brasil) questiona a Administra\u00e7\u00e3o Municipal sobre o cronograma do servi\u00e7o municipal de cata-trecos. <br />Pedido de informa\u00e7\u00f5es se h\u00e1 previs\u00e3o para a realiza\u00e7\u00e3o de reforma no pr\u00e9dio que abriga o CMEI \"Eug\u00eania Maria da Silveira\u201d, no Jardim Tatiana, \u00e9 tema do requerimento do vereador Zel\u00e3o (PT).</p>\r\n<p>O vereador Rog\u00e9rio Lima (PP) questiona a Prefeitura, por meio de requerimento, se h\u00e1 planejamento para a realiza\u00e7\u00e3o de revitaliza\u00e7\u00e3o na pra\u00e7a p\u00fablica localizada na rua Jos\u00e9 Campelo Filho, no bairro Jardim Primavera.</p>\r\n<p>Pedido de informa\u00e7\u00f5es sobre eventual melhoria do plano de carreira do servidor p\u00fablico municipal e se j\u00e1 existe uma previs\u00e3o de quanto ser\u00e1 o reajuste geral anual dos servidores p\u00fablicos municipais para o ano de 2023, do vale alimenta\u00e7\u00e3o, se j\u00e1 est\u00e1 agendada reuni\u00e3o com os representantes do Poder Legislativo, Sindicato dos Servidores P\u00fablicos Municipais e da Funda\u00e7\u00e3o da Seguridade Social dos Servidores P\u00fablicos Municipais para discutir essas quest\u00f5es, \u00e9 o tema do requerimento do vereador Mauro dos Materiais (PTB)</p>\r\n<p>De autoria do vereador Cirineu Barbosa (PMN), requerimento questiona a Prefeitura sobre a possibilidade de ampliar a extens\u00e3o da faixa da esquerda da avenida Marginal Vereador Newton Vieira Soares, no trecho de acesso \u00e0 avenida 31 de Mar\u00e7o, sentido bairro/centro, de modo que haja uma diminui\u00e7\u00e3o na fila de ve\u00edculos que causa o congestionamento.</p>\r\n<p><strong>Como assistir</strong></p>\r\n<p>Para acompanhar a sess\u00e3o, os mun\u00edcipes podem se dirigir diretamente ao plen\u00e1rio da C\u00e2mara Municipal de Votorantim ou acessar as redes sociais oficiais do Legislativo no Facebook, Youtube e Portal Legislativo.<br />A sess\u00e3o da C\u00e2mara Municipal de Votorantim come\u00e7a \u00e0s 9h. A sede do Poder Legislativo est\u00e1 localizada na rua Antonio Festa, 88, Centro, Votorantim.</p>", "author_name": "", "version": "1.0", "author_url": "https://www.votorantim.sp.leg.br/author/comunica", "provider_name": "C\u00e2mara Municipal de Votorantim", "type": "rich"}